[{"@context":"https:\/\/schema.org\/","@type":"Article","@id":"https:\/\/www.droan.cz\/babi-leto-v-ceskych-budejovicich\/#Article","mainEntityOfPage":"https:\/\/www.droan.cz\/babi-leto-v-ceskych-budejovicich\/","headline":"Bab\u00ed l\u00e9to v \u010cesk\u00fdch Bud\u011bjovic\u00edch","name":"Bab\u00ed l\u00e9to v \u010cesk\u00fdch Bud\u011bjovic\u00edch","description":"Pro\u017eijte spolu s n\u00e1mi bab\u00ed l\u00e9to v penzionu v \u010cesk\u00fdch Bud\u011bjovic\u00edch Penzion u Rudolfa. Je to magick\u00e9 m\u00edsto, jedno z nejp\u016fsobiv\u011bj\u0161\u00edch m\u011bst v republice, a k tomuto tvrzen\u00ed m\u00e1me sv\u00e9 d\u016fvody. Pokus\u00edme se v\u00e1m je tu v kr\u00e1tkosti objasnit. Soutok [&hellip;]","datePublished":"2024-01-12","dateModified":"2024-02-12","author":{"@type":"Person","@id":"https:\/\/www.droan.cz\/author\/#Person","name":"","url":"https:\/\/www.droan.cz\/author\/","identifier":1,"image":{"@type":"ImageObject","@id":"https:\/\/secure.gravatar.com\/avatar\/9514fe8d0d5bc6f8b5e285c47f6d71536ab35446ffb077fff11f6ca1fa8b00ce?s=96&d=mm&r=g","url":"https:\/\/secure.gravatar.com\/avatar\/9514fe8d0d5bc6f8b5e285c47f6d71536ab35446ffb077fff11f6ca1fa8b00ce?s=96&d=mm&r=g","height":96,"width":96}},"publisher":{"@type":"Organization","name":"droan.cz","logo":{"@type":"ImageObject","@id":"\/logo.png","url":"\/logo.png","width":600,"height":60}},"image":{"@type":"ImageObject","@id":"https:\/\/www.droan.cz\/wp-content\/uploads\/the-trees-in-the-fall-2052255_640_1.jpg","url":"https:\/\/www.droan.cz\/wp-content\/uploads\/the-trees-in-the-fall-2052255_640_1.jpg","height":0,"width":0},"url":"https:\/\/www.droan.cz\/babi-leto-v-ceskych-budejovicich\/","about":["Byznys"],"wordCount":433,"articleBody":"   Pro\u017eijte spolu s n\u00e1mi bab\u00ed l\u00e9to v penzionu v \u010cesk\u00fdch Bud\u011bjovic\u00edch Penzion u Rudolfa. Je to magick\u00e9 m\u00edsto, jedno z nejp\u016fsobiv\u011bj\u0161\u00edch m\u011bst v republice, a k tomuto tvrzen\u00ed m\u00e1me sv\u00e9 d\u016fvody. Pokus\u00edme se v\u00e1m je tu v kr\u00e1tkosti objasnit.Soutok Mal\u0161e a Vltavy \u2013 na soutoku t\u011bchto dvou \u0159ek se nach\u00e1z\u00ed Sokolsk\u00fd ostrov a na jeho povrchu je vystav\u011bn kr\u00e1sn\u00fd plaveck\u00fd baz\u00e9n. Nedaleko odtud je obyvatel\u016fm m\u011bsta i jeho n\u00e1v\u0161t\u011bvn\u00edk\u016fm k dispozici park Stromovka. Je tu bo\u017esk\u00fd klid, a\u010dkoli se jedn\u00e1 o jedno z nejv\u011bt\u0161\u00edch m\u011bst jiho\u010desk\u00e9ho regionu. P\u0159\u00edtomnost \u0159\u00ed\u010dn\u00edho toku uvol\u0148uje do ovzdu\u0161\u00ed z\u00e1porn\u00e9 ionty, a ty kladn\u011b p\u0159isp\u00edvaj\u00ed k regeneraci organismu.Cyklostezka na Hlubokou \u2013 pod\u00e9l Vltavy je vybudov\u00e1na asfaltov\u00e1 cyklostezka, m\u016f\u017eete se tu proj\u00ed\u017ed\u011bt na kole a in-line brusl\u00edch, m\u016f\u017eete tu provozovat p\u011b\u0161\u00ed turistiku, dop\u0159\u00e1t i mal\u00fdm d\u011btem proj\u00ed\u017e\u010fku na kole, proch\u00e1zet se tu s d\u011btsk\u00fdm ko\u010d\u00e1rkem, zkr\u00e1tka u\u017e\u00edvat slune\u010dn\u00fdch dn\u016f, jak se v\u00e1m zl\u00edb\u00ed. Z\u00e1mek v Hlubok\u00e9 nad Vltavou je z bud\u011bjovick\u00e9ho centra vzd\u00e1len pouh\u00fdch deset kilometr\u016f.\u010cern\u00e1 v\u011b\u017e \u2013 vystoup\u00e1te-li na \u010cernou v\u011b\u017e, m\u00e1te p\u0159ed sebou dalek\u00fd rozhled a\u017e do oblasti Blansk\u00e9ho lesa. Spat\u0159\u00edte Kle\u0165 s vys\u00edla\u010dem a rozhlednou a pod sebou n\u00e1m\u011bst\u00ed P\u0159emysla Otakara II. Historick\u00e9 j\u00e1dro m\u011bsta s m\u011b\u0161\u0165ansk\u00fdmi domy a soutokem Mal\u0161e s Vltavou pat\u0159\u00ed k na\u0161im nejkr\u00e1sn\u011bj\u0161\u00edm pam\u00e1tkov\u00fdm pam\u011btihodnostem.Kav\u00e1rny, cukr\u00e1rny a \u010dajovny \u2013 v \u010cesk\u00fdch Bud\u011bjovic\u00edch je k dispozici cel\u00e1 \u0159ada provozoven tohoto typu. Jist\u011b se v\u00e1m n\u011bkter\u00e1 z nich zal\u00edb\u00ed a m\u016f\u017eete tu tr\u00e1vit mnoho hodin voln\u00e9ho \u010dasu. A kdybychom v\u00e1m n\u011bkterou z nich doporu\u010dili, nebylo by to v\u016f\u010di t\u011bm ostatn\u00edm f\u00e9r, sami si zjist\u011bte, kter\u00e1 z nich v\u00e1m vyhovuje nejv\u00edce.Kle\u0165 \u2013 nejvy\u0161\u0161\u00ed vrchol Blansk\u00e9ho lesa m\u016f\u017eete nav\u0161t\u00edvit i osobn\u011b, vyplat\u00ed se tam zajet autem, v\u016fz zaparkovat na velk\u00e9m odstavn\u00e9m parkovi\u0161ti nad Kr\u00e1set\u00ednem, vyjet na vrchol Kleti seda\u010dkovou lanovkou a rozhl\u00ed\u017eet se po krajin\u011b Blansk\u00e9ho lesa, kter\u00e1 je magick\u00e1 sama o sob\u011b, sv\u00fdm p\u016fsobiv\u00fdm vzez\u0159en\u00edm.                                                                                                                                                                                                                                                                                                                                                                                          4.2\/5 - (15 votes)        "},{"@context":"https:\/\/schema.org\/","@type":"BreadcrumbList","itemListElement":[{"@type":"ListItem","position":1,"name":"Bab\u00ed l\u00e9to v \u010cesk\u00fdch Bud\u011bjovic\u00edch","item":"https:\/\/www.droan.cz\/babi-leto-v-ceskych-budejovicich\/#breadcrumbitem"}]}]