[{"@context":"https:\/\/schema.org\/","@type":"Article","@id":"https:\/\/www.droan.cz\/co-se-tyka-nasi-cele-spolecnosti-a-co-s-tim-je-nutne-udelat\/#Article","mainEntityOfPage":"https:\/\/www.droan.cz\/co-se-tyka-nasi-cele-spolecnosti-a-co-s-tim-je-nutne-udelat\/","headline":"Co se t\u00fdk\u00e1 na\u0161\u00ed cel\u00e9 spole\u010dnosti a co s t\u00edm je nutn\u00e9 ud\u011blat.","name":"Co se t\u00fdk\u00e1 na\u0161\u00ed cel\u00e9 spole\u010dnosti a co s t\u00edm je nutn\u00e9 ud\u011blat.","description":"Narodili jsme se jako lid\u00e9 do \u0159\u00e1dn\u00e9 spole\u010dnosti. A v n\u00ed tak\u00e9 mus\u00edme dodr\u017eovat jist\u00e1 pravidla a povinnosti, a to ka\u017ed\u00fd ob\u010dan bez v\u00fdjimky. Je to tak dan\u00e9 a my se t\u00edm mus\u00edme \u0159\u00eddit. Jinak by samoz\u0159ejm\u011b vznikl ve spole\u010dnosti [&hellip;]","datePublished":"2023-02-10","dateModified":"2023-07-10","author":{"@type":"Person","@id":"https:\/\/www.droan.cz\/author\/#Person","name":"","url":"https:\/\/www.droan.cz\/author\/","identifier":1,"image":{"@type":"ImageObject","@id":"https:\/\/secure.gravatar.com\/avatar\/9514fe8d0d5bc6f8b5e285c47f6d71536ab35446ffb077fff11f6ca1fa8b00ce?s=96&d=mm&r=g","url":"https:\/\/secure.gravatar.com\/avatar\/9514fe8d0d5bc6f8b5e285c47f6d71536ab35446ffb077fff11f6ca1fa8b00ce?s=96&d=mm&r=g","height":96,"width":96}},"publisher":{"@type":"Organization","name":"droan.cz","logo":{"@type":"ImageObject","@id":"\/logo.png","url":"\/logo.png","width":600,"height":60}},"image":{"@type":"ImageObject","@id":"https:\/\/www.droan.cz\/wp-content\/uploads\/team-386673_640%20(1).jpg","url":"https:\/\/www.droan.cz\/wp-content\/uploads\/team-386673_640%20(1).jpg","height":0,"width":0},"url":"https:\/\/www.droan.cz\/co-se-tyka-nasi-cele-spolecnosti-a-co-s-tim-je-nutne-udelat\/","about":["Spole\u010dnost"],"wordCount":492,"articleBody":"Narodili jsme se jako lid\u00e9 do \u0159\u00e1dn\u00e9 spole\u010dnosti. A v n\u00ed tak\u00e9 mus\u00edme dodr\u017eovat jist\u00e1 pravidla a povinnosti, a to ka\u017ed\u00fd ob\u010dan bez v\u00fdjimky. Je to tak dan\u00e9 a my se t\u00edm mus\u00edme \u0159\u00eddit. Jinak by samoz\u0159ejm\u011b vznikl ve spole\u010dnosti tot\u00e1ln\u00ed zmatek a nastala by anarchie. A to si mysl\u00edm, \u017ee je je\u0161t\u011b ta lep\u0161\u00ed varianta. Proto\u017ee nejenom anarchie by n\u00e1s tak\u00e9 postihla, ale co v\u00e1lky? Naprost\u00e1 ne\u00facta jeden ke druh\u00e9mu. Nem\u011bli bychom \u017e\u00e1dn\u00e9 z\u00e1brany a za\u010dala by rapidn\u011b stoupat kriminalita. A samoz\u0159ejm\u011b bychom se cht\u011bli postavit elit\u00e1m a pomst\u00edt se. A pr\u00e1v\u011b proto, \u017ee to elity tu\u0161\u00ed se tento sc\u00e9n\u00e1\u0159 nikdy odehr\u00e1vat nebude. Tedy do t\u00e9 doby, ne\u017e si v\u011bt\u0161ina \u017eij\u00edc\u00edch obyvatel sv\u011bta neuv\u011bdom\u00ed, \u017ee n\u00e1s je p\u0159ece jenom v\u00edce ne\u017e elit. A \u017ee se p\u0159eci s t\u00edm d\u00e1 n\u011bco d\u011blat, kdy\u017e budeme v\u0161ichni dohromady cht\u00edt. A cel\u00e1 na\u0161e spole\u010dnost se semkne v jednu a dok\u00e1\u017eeme zm\u011bnit tento \u0159\u00e1d. Kter\u00fd ne\u00a0tak \u00fapln\u011b v\u0161em vyhovuje a nezm\u011bnil se u\u017e n\u011bkolik tis\u00edc let. Ale jsme tam kde jsme, a to pr\u00e1v\u011b te\u010f. A pro\u010d se tak d\u011bje? Proto\u017ee mnoho z n\u00e1s st\u00e1le zast\u00e1v\u00e1me n\u00e1zor, \u017ee nic se vlastn\u011b ned\u011bje. \u017de st\u00e1tu p\u0159ece na n\u00e1s z\u00e1le\u017e\u00ed a ten se o n\u00e1s poctiv\u011b star\u00e1. Ano, m\u016f\u017ee to tak vypadat. Ale opravdu se o n\u00e1s star\u00e1? M\u00e1me nejvy\u0161\u0161\u00ed inflaci ze v\u0161ech zem\u00ed Evropsk\u00e9 Unie.Z\u00e1lohy na plyn a elektrickou energii vy\u0161plhaly k tak nen\u00e1vratn\u00fdm v\u00fd\u0161k\u00e1m, \u017ee mnoho ob\u010dan\u016f z na\u0161\u00ed spole\u010dnosti nem\u011bli\u00a0ani co j\u00edst. A to nemluv\u00edm o tom, \u017ee se museli st\u011bhovat do mnohem men\u0161\u00edch byt\u016f. A taky, \u017ee na\u0161i senio\u0159i za\u017e\u00edvaj\u00ed nejv\u011bt\u0161\u00ed b\u00eddu od zalo\u017een\u00ed na\u0161\u00ed spole\u010dnosti? \u017de na n\u011b vlastn\u011b nezb\u00fdv\u00e1 dost pen\u011bz a oni v dne\u0161n\u00ed drah\u00e9 dob\u011b \u017eivo\u0159\u00ed? Kdyby byla na\u0161e spole\u010dnost nastavena spravedliv\u011b, tohle by se p\u0159ece nemohlo st\u00e1t. Ale nen\u00ed to tak. Ve sv\u011btov\u00e9 spole\u010dnosti jako takov\u00e9 m\u00e1 jedno procento populace absolutn\u00ed moc nad t\u00edm zbytkem. Nezd\u00e1 v\u00e1m se to trochu absurdn\u00ed? A co kdyby t\u011bch 95 procent z\u00edskalo nadvl\u00e1du nad t\u00edm zb\u00fdvaj\u00edc\u00edm jedn\u00edm procentem? Nev\u00edme a nem\u016f\u017eeme \u0159\u00edct. Je mo\u017en\u00e9, \u017ee by se zase v t\u00e9to spole\u010dnosti zase v\u0161echno opakovalo a skon\u010dilo stejn\u011b. Ale \u0161ance na zm\u011bnu tu je. A d\u0159\u00edm\u00e1 v ka\u017ed\u00e9m z n\u00e1s. A tak se mo\u017en\u00e1 do\u010dk\u00e1me zm\u011bny.\u00a0                                                                                                                                                                                                                                                                                                                                                                                        4.1\/5 - (8 votes)        "},{"@context":"https:\/\/schema.org\/","@type":"BreadcrumbList","itemListElement":[{"@type":"ListItem","position":1,"name":"Co se t\u00fdk\u00e1 na\u0161\u00ed cel\u00e9 spole\u010dnosti a co s t\u00edm je nutn\u00e9 ud\u011blat.","item":"https:\/\/www.droan.cz\/co-se-tyka-nasi-cele-spolecnosti-a-co-s-tim-je-nutne-udelat\/#breadcrumbitem"}]}]