[{"@context":"https:\/\/schema.org\/","@type":"Article","@id":"https:\/\/www.droan.cz\/potisk-tricek\/#Article","mainEntityOfPage":"https:\/\/www.droan.cz\/potisk-tricek\/","headline":"Potisk tri\u010dek","name":"Potisk tri\u010dek","description":"Pot\u0159ebujete ud\u011blat potisk tri\u010dek? Pro na\u0161\u00ed firmu to nebude \u017e\u00e1dn\u00fd probl\u00e9m. R\u00e1di v\u00e1m va\u0161e tri\u010dka \u010di jin\u00fd textil potiskneme. Pou\u017e\u00edv\u00e1me modern\u00edch technologi\u00ed. Poti\u0161t\u011bn\u00e1 tri\u010dka od n\u00e1s se mohou pr\u00e1t v pra\u010dce a z\u016fstanou ve stejn\u00e9 kvalit\u011b jako p\u0159ed pran\u00edm. Budou [&hellip;]","datePublished":"2025-03-15","dateModified":"2025-03-15","author":{"@type":"Person","@id":"https:\/\/www.droan.cz\/author\/#Person","name":"","url":"https:\/\/www.droan.cz\/author\/","identifier":1,"image":{"@type":"ImageObject","@id":"https:\/\/secure.gravatar.com\/avatar\/9514fe8d0d5bc6f8b5e285c47f6d71536ab35446ffb077fff11f6ca1fa8b00ce?s=96&d=mm&r=g","url":"https:\/\/secure.gravatar.com\/avatar\/9514fe8d0d5bc6f8b5e285c47f6d71536ab35446ffb077fff11f6ca1fa8b00ce?s=96&d=mm&r=g","height":96,"width":96}},"publisher":{"@type":"Organization","name":"droan.cz","logo":{"@type":"ImageObject","@id":"\/logo.png","url":"\/logo.png","width":600,"height":60}},"url":"https:\/\/www.droan.cz\/potisk-tricek\/","wordCount":228,"articleBody":"Pot\u0159ebujete ud\u011blat potisk tri\u010dek? Pro na\u0161\u00ed firmu to nebude \u017e\u00e1dn\u00fd probl\u00e9m. R\u00e1di v\u00e1m va\u0161e tri\u010dka \u010di jin\u00fd textil potiskneme. Pou\u017e\u00edv\u00e1me modern\u00edch technologi\u00ed. Poti\u0161t\u011bn\u00e1 tri\u010dka od n\u00e1s se mohou pr\u00e1t v pra\u010dce a z\u016fstanou ve stejn\u00e9 kvalit\u011b jako p\u0159ed pran\u00edm. Budou se tedy z\u00e1kazn\u00edk\u016fm st\u00e1le l\u00edbit a r\u00e1di je budou nosit. Kontaktujte n\u00e1s a my pro v\u00e1s r\u00e1di va\u0161e p\u0159\u00e1n\u00ed spln\u00edme.R\u00e1di byste si nechali potisknout tri\u010dko na z\u00e1klad\u011b vlastn\u00ed grafick\u00e9 \u00fapravy? Na\u0161\u00ed firm\u011b to nebude d\u011blat \u017e\u00e1dn\u00e9 probl\u00e9my. R\u00e1di v\u00e1m ud\u011bl\u00e1me potisk tri\u010dek na z\u00e1klad\u011b va\u0161eho vlastn\u00edho n\u00e1m\u011btu. Rovn\u011b\u017e v\u00e1m m\u016f\u017eeme i v\u0161\u00edt vlastn\u00ed cedulku, potisknout tri\u010dko \u010di jin\u00fd textil vlastn\u00edm obr\u00e1zkem, vlastn\u00edm logem, fotkou nebo t\u0159eba n\u00e1pisem. I my se \u0159\u00edd\u00edme z\u00e1sadou \u201eN\u00e1\u0161 z\u00e1kazn\u00edk &#8211; n\u00e1\u0161 p\u00e1n.\u201cpotisk reklamn\u00edch d\u00e1rkov\u00fdch p\u0159edm\u011bt\u016fU n\u00e1s si m\u016f\u017eete objednat i potisk reklamn\u00edch d\u00e1rkov\u00fdch p\u0159edm\u011bt\u016f, nap\u0159. propisky, kl\u00ed\u010denky, igelitov\u00e9 i l\u00e1tkov\u00e9 ta\u0161ky, de\u0161tn\u00edky apod. Potisk tri\u010dek od n\u00e1s bude v\u017edy kvalitn\u00ed.                                                                                                                                                                                                                                                                                                                                                                                                "},{"@context":"https:\/\/schema.org\/","@type":"BreadcrumbList","itemListElement":[{"@type":"ListItem","position":1,"name":"Potisk tri\u010dek","item":"https:\/\/www.droan.cz\/potisk-tricek\/#breadcrumbitem"}]}]