[{"@context":"https:\/\/schema.org\/","@type":"Article","@id":"https:\/\/www.droan.cz\/proc-je-dnes-spolecnost-tak-rozdelena\/#Article","mainEntityOfPage":"https:\/\/www.droan.cz\/proc-je-dnes-spolecnost-tak-rozdelena\/","headline":"Pro\u010d je dnes spole\u010dnost tak rozd\u011blen\u00e1","name":"Pro\u010d je dnes spole\u010dnost tak rozd\u011blen\u00e1","description":"O tom, &Aring;&frac34;e kultura i spole&Auml;nost se neust&Atilde;&iexcl;le m&Auml;&#8250;n&Atilde;&shy;, asi nen&Atilde;&shy; t&Aring;&#8482;eba hovo&Aring;&#8482;it. N&Auml;&#8250;kdy jsou tyto zm&Auml;&#8250;ny k&Acirc;&nbsp;lep&Aring;&iexcl;&Atilde;&shy;mu, jindy k&Acirc;&nbsp;hor&Aring;&iexcl;&Atilde;&shy;mu. A jednou z&Acirc;&nbsp;nich, se kterou se setk&Atilde;&iexcl;v&Atilde;&iexcl;me st&Atilde;&iexcl;le &Auml;ast&Auml;&#8250;ji, je rozd&Auml;&#8250;lov&Atilde;&iexcl;n&Atilde;&shy; spole&Auml;nosti. Jist&Auml;&#8250;, to existuje ji&Aring;&frac34; dlouho, av&Aring;&iexcl;ak v&Acirc;&nbsp;dne&Aring;&iexcl;n&Atilde;&shy; dob&Auml;&#8250; [&hellip;]","datePublished":"2022-12-28","dateModified":"2023-09-28","author":{"@type":"Person","@id":"https:\/\/www.droan.cz\/author\/#Person","name":"","url":"https:\/\/www.droan.cz\/author\/","identifier":1,"image":{"@type":"ImageObject","@id":"https:\/\/secure.gravatar.com\/avatar\/9514fe8d0d5bc6f8b5e285c47f6d71536ab35446ffb077fff11f6ca1fa8b00ce?s=96&d=mm&r=g","url":"https:\/\/secure.gravatar.com\/avatar\/9514fe8d0d5bc6f8b5e285c47f6d71536ab35446ffb077fff11f6ca1fa8b00ce?s=96&d=mm&r=g","height":96,"width":96}},"publisher":{"@type":"Organization","name":"droan.cz","logo":{"@type":"ImageObject","@id":"\/logo.png","url":"\/logo.png","width":600,"height":60}},"image":{"@type":"ImageObject","@id":"https:\/\/www.droan.cz\/wp-content\/uploads\/spolecnost2_2.jpg","url":"https:\/\/www.droan.cz\/wp-content\/uploads\/spolecnost2_2.jpg","height":0,"width":0},"url":"https:\/\/www.droan.cz\/proc-je-dnes-spolecnost-tak-rozdelena\/","about":["Spole\u010dnost"],"wordCount":848,"articleBody":"O tom, &Aring;&frac34;e kultura i spole&Auml;nost se neust&Atilde;&iexcl;le m&Auml;&#8250;n&Atilde;&shy;, asi nen&Atilde;&shy; t&Aring;&#8482;eba hovo&Aring;&#8482;it. N&Auml;&#8250;kdy jsou tyto zm&Auml;&#8250;ny k&Acirc;&nbsp;lep&Aring;&iexcl;&Atilde;&shy;mu, jindy k&Acirc;&nbsp;hor&Aring;&iexcl;&Atilde;&shy;mu. A jednou z&Acirc;&nbsp;nich, se kterou se setk&Atilde;&iexcl;v&Atilde;&iexcl;me st&Atilde;&iexcl;le &Auml;ast&Auml;&#8250;ji, je rozd&Auml;&#8250;lov&Atilde;&iexcl;n&Atilde;&shy; spole&Auml;nosti. Jist&Auml;&#8250;, to existuje ji&Aring;&frac34; dlouho, av&Aring;&iexcl;ak v&Acirc;&nbsp;dne&Aring;&iexcl;n&Atilde;&shy; dob&Auml;&#8250; je zvl&Atilde;&iexcl;&Aring;&iexcl;t&Auml;&#8250; prominentn&Atilde;&shy;.&Acirc;&nbsp;M&Aring;&macr;&Aring;&frac34;eme si toho v&Aring;&iexcl;imnout zejm&Atilde;&copy;na u politik&Aring;&macr;, kte&Aring;&#8482;&Atilde;&shy; proti sob&Auml;&#8250; &Auml;asto stav&Atilde;&shy; nap&Aring;&#8482;&Atilde;&shy;klad d&Aring;&macr;chodce a mlad&Atilde;&copy; lidi, p&Aring;&#8482;&Atilde;&shy;padn&Auml;&#8250; heterosexu&Atilde;&iexcl;ly a LGBTQ+, b&Atilde;&shy;l&Atilde;&copy; a barevn&Atilde;&copy;, &Auml;&#338;echy a cizince a mnoh&Atilde;&copy; dal&Aring;&iexcl;&Atilde;&shy;. Obvykle je zde podn&Auml;&#8250;cov&Atilde;&iexcl;na nen&Atilde;&iexcl;vist jedn&Atilde;&copy; skupiny k&Acirc;&nbsp;t&Atilde;&copy; druh&Atilde;&copy;, a to nap&Aring;&#8482;&Atilde;&shy;&Auml; v&Aring;&iexcl;emi sm&Auml;&#8250;ry.&Acirc;&nbsp;&Acirc;&nbsp;Samoz&Aring;&#8482;ejm&Auml;&#8250;, ned&Aring;&macr;v&Auml;&#8250;ra k&Acirc;&nbsp;ostatn&Atilde;&shy;m a ur&Auml;it&Atilde;&copy; rozd&Auml;&#8250;len&Atilde;&shy; zde bylo v&Aring;&frac34;dy. V&Acirc;&nbsp;posledn&Atilde;&shy;ch letech v&Aring;&iexcl;ak nab&Atilde;&shy;r&Atilde;&iexcl; na obr&Atilde;&iexcl;tk&Atilde;&iexcl;ch. Tento trend m&Atilde;&iexcl; samoz&Aring;&#8482;ejm&Auml;&#8250; hned n&Auml;&#8250;kolik p&Aring;&#8482;&Atilde;&shy;&Auml;in.&Acirc;&nbsp;Jednou z&Acirc;&nbsp;nich jsou soci&Atilde;&iexcl;ln&Atilde;&shy; s&Atilde;&shy;t&Auml;&#8250;. Na nich se toti&Aring;&frac34; jednotliv&Atilde;&copy; skupiny mohou nejen organizovat, ale tak&Atilde;&copy; se navz&Atilde;&iexcl;jem utvrzovat ve sv&Atilde;&frac12;ch, mnohdy st&Atilde;&iexcl;le radik&Atilde;&iexcl;ln&Auml;&#8250;j&Aring;&iexcl;&Atilde;&shy;ch, n&Atilde;&iexcl;zorech. D&Atilde;&shy;ky tomu mohou b&Atilde;&frac12;t hlasit&Auml;&#8250;j&Aring;&iexcl;&Atilde;&shy; a jsou tak&Atilde;&copy; v&Atilde;&shy;ce vid&Auml;&#8250;t.&Acirc;&nbsp;D&Atilde;&iexcl;le je to sou&Auml;asn&Atilde;&copy; nestabiln&Atilde;&shy; celosv&Auml;&#8250;tov&Atilde;&copy; politick&Atilde;&copy; klima. V&Atilde;&iexcl;lky vyh&Atilde;&iexcl;n&Atilde;&shy; mnoho lid&Atilde;&shy; ze sv&Atilde;&frac12;ch domov&Aring;&macr;, a ti pak hledaj&Atilde;&shy; nov&Atilde;&copy; m&Atilde;&shy;sto k&Acirc;&nbsp;&Aring;&frac34;ivotu. To se samoz&Aring;&#8482;ejm&Auml;&#8250; nel&Atilde;&shy;b&Atilde;&shy; t&Auml;&#8250;m, kte&Aring;&#8482;&Atilde;&shy; tam ji&Aring;&frac34; &Aring;&frac34;ij&Atilde;&shy;, co&Aring;&frac34; d&Atilde;&iexcl;le podn&Auml;&#8250;cuje onu nen&Atilde;&iexcl;vist.&Acirc;&nbsp;&Acirc;&nbsp;V&Acirc;&nbsp;neposledn&Atilde;&shy; &Aring;&#8482;ad&Auml;&#8250; v&Aring;&iexcl;ak na tom maj&Atilde;&shy; velk&Atilde;&frac12; pod&Atilde;&shy;l i politici, a to prakticky z&Acirc;&nbsp;cel&Atilde;&copy;ho politick&Atilde;&copy;ho spektra a ze v&Aring;&iexcl;ech politick&Atilde;&frac12;ch stran. Ti se toti&Aring;&frac34; &Auml;asto sna&Aring;&frac34;&Atilde;&shy; tento trend podn&Auml;&#8250;covat a vyu&Aring;&frac34;&Atilde;&shy;vat, nebo&Aring;&yen; p&Aring;&#8482;it&Atilde;&iexcl;hne v&Atilde;&shy;ce lid&Atilde;&shy; k&Acirc;&nbsp;volb&Atilde;&iexcl;m, a v&Atilde;&shy;ce lid&Atilde;&shy; jim tak&Atilde;&copy; daj&Atilde;&shy; sv&Aring;&macr;j hlas. A to je to jedin&Atilde;&copy;, o co jim jde.&Acirc;&nbsp;To v&Aring;&iexcl;e bychom si m&Auml;&#8250;li uv&Auml;&#8250;domit, ne&Aring;&frac34; za&Auml;neme v&Aring;&macr;&Auml;i n&Auml;&#8250;kter&Atilde;&copy; skupin&Auml;&#8250; pron&Atilde;&iexcl;&Aring;&iexcl;et pohrdliv&Atilde;&copy; &Auml;i dokonce nen&Atilde;&iexcl;vistn&Atilde;&copy; v&Atilde;&frac12;roky, nebo tvrdit, &Aring;&frac34;e my jsme lep&Aring;&iexcl;&Atilde;&shy;. V&Acirc;&nbsp;&Aring;&frac34;&Atilde;&iexcl;dn&Atilde;&copy; toti&Aring;&frac34; nenajdeme jen dobr&Atilde;&copy; nebo &Aring;&iexcl;patn&Atilde;&copy; lidi. I uprchl&Atilde;&shy;k p&Aring;&#8482;ed v&Atilde;&iexcl;lkou m&Aring;&macr;&Aring;&frac34;e b&Atilde;&frac12;t zlo&Auml;inec, d&Aring;&macr;chodce si m&Aring;&macr;&Aring;&frac34;e rozum&Auml;&#8250;t s&Acirc;&nbsp;modern&Atilde;&shy;mi p&Aring;&#8482;&Atilde;&shy;stroji. A na to bychom nem&Auml;&#8250;li nikdy zapom&Atilde;&shy;nat. Generalizace je toti&Aring;&frac34; v&Acirc;&nbsp;tomto p&Aring;&#8482;&Atilde;&shy;pad&Auml;&#8250; cesta do pekel.                                                                                                                                                                                                                                                                                                                                                                                        4.2\/5 - (11 votes)        "},{"@context":"https:\/\/schema.org\/","@type":"BreadcrumbList","itemListElement":[{"@type":"ListItem","position":1,"name":"Pro\u010d je dnes spole\u010dnost tak rozd\u011blen\u00e1","item":"https:\/\/www.droan.cz\/proc-je-dnes-spolecnost-tak-rozdelena\/#breadcrumbitem"}]}]