{"@context":"https:\/\/schema.org\/","@type":"CollectionPage","@id":"https:\/\/www.droan.cz\/spolecnost\/#CollectionPage","headline":"Spole\u010dnost Category","description":"","url":"https:\/\/www.droan.cz\/spolecnost\/","hasPart":[{"@type":"Article","@id":"https:\/\/www.droan.cz\/nekdy-je-dobre-nazory-spolecnosti-ignorovat\/","headline":"N\u011bkdy je dobr\u00e9 n\u00e1zory spole\u010dnosti ignorovat..","url":"https:\/\/www.droan.cz\/nekdy-je-dobre-nazory-spolecnosti-ignorovat\/","datePublished":"2023-09-28","dateModified":"2024-03-28","mainEntityOfPage":"https:\/\/www.droan.cz\/nekdy-je-dobre-nazory-spolecnosti-ignorovat\/","author":{"@type":"Person","@id":"https:\/\/www.droan.cz\/author\/#Person","name":"","url":"https:\/\/www.droan.cz\/author\/","identifier":1,"image":{"@type":"ImageObject","@id":"https:\/\/secure.gravatar.com\/avatar\/9514fe8d0d5bc6f8b5e285c47f6d71536ab35446ffb077fff11f6ca1fa8b00ce?s=96&d=mm&r=g","url":"https:\/\/secure.gravatar.com\/avatar\/9514fe8d0d5bc6f8b5e285c47f6d71536ab35446ffb077fff11f6ca1fa8b00ce?s=96&d=mm&r=g","height":96,"width":96}},"publisher":{"@type":"Organization","name":"droan.cz","logo":{"@type":"ImageObject","@id":"\/logo.png","url":"\/logo.png","width":600,"height":60}},"image":{"@type":"ImageObject","@id":"https:\/\/www.droan.cz\/wp-content\/uploads\/puzzle-1721464_1280_1.jpg","url":"https:\/\/www.droan.cz\/wp-content\/uploads\/puzzle-1721464_1280_1.jpg","height":0,"width":0},"keywords":null},{"@type":"Article","@id":"https:\/\/www.droan.cz\/co-se-tyka-nasi-cele-spolecnosti-a-co-s-tim-je-nutne-udelat\/","headline":"Co se t\u00fdk\u00e1 na\u0161\u00ed cel\u00e9 spole\u010dnosti a co s t\u00edm je nutn\u00e9 ud\u011blat.","url":"https:\/\/www.droan.cz\/co-se-tyka-nasi-cele-spolecnosti-a-co-s-tim-je-nutne-udelat\/","datePublished":"2023-02-10","dateModified":"2023-07-10","mainEntityOfPage":"https:\/\/www.droan.cz\/co-se-tyka-nasi-cele-spolecnosti-a-co-s-tim-je-nutne-udelat\/","author":{"@type":"Person","@id":"https:\/\/www.droan.cz\/author\/#Person","name":"","url":"https:\/\/www.droan.cz\/author\/","identifier":1,"image":{"@type":"ImageObject","@id":"https:\/\/secure.gravatar.com\/avatar\/9514fe8d0d5bc6f8b5e285c47f6d71536ab35446ffb077fff11f6ca1fa8b00ce?s=96&d=mm&r=g","url":"https:\/\/secure.gravatar.com\/avatar\/9514fe8d0d5bc6f8b5e285c47f6d71536ab35446ffb077fff11f6ca1fa8b00ce?s=96&d=mm&r=g","height":96,"width":96}},"publisher":{"@type":"Organization","name":"droan.cz","logo":{"@type":"ImageObject","@id":"\/logo.png","url":"\/logo.png","width":600,"height":60}},"image":{"@type":"ImageObject","@id":"https:\/\/www.droan.cz\/wp-content\/uploads\/team-386673_640%20(1).jpg","url":"https:\/\/www.droan.cz\/wp-content\/uploads\/team-386673_640%20(1).jpg","height":0,"width":0},"keywords":null},{"@type":"Article","@id":"https:\/\/www.droan.cz\/proc-je-dnes-spolecnost-tak-rozdelena\/","headline":"Pro\u010d je dnes spole\u010dnost tak rozd\u011blen\u00e1","url":"https:\/\/www.droan.cz\/proc-je-dnes-spolecnost-tak-rozdelena\/","datePublished":"2022-12-28","dateModified":"2023-09-28","mainEntityOfPage":"https:\/\/www.droan.cz\/proc-je-dnes-spolecnost-tak-rozdelena\/","author":{"@type":"Person","@id":"https:\/\/www.droan.cz\/author\/#Person","name":"","url":"https:\/\/www.droan.cz\/author\/","identifier":1,"image":{"@type":"ImageObject","@id":"https:\/\/secure.gravatar.com\/avatar\/9514fe8d0d5bc6f8b5e285c47f6d71536ab35446ffb077fff11f6ca1fa8b00ce?s=96&d=mm&r=g","url":"https:\/\/secure.gravatar.com\/avatar\/9514fe8d0d5bc6f8b5e285c47f6d71536ab35446ffb077fff11f6ca1fa8b00ce?s=96&d=mm&r=g","height":96,"width":96}},"publisher":{"@type":"Organization","name":"droan.cz","logo":{"@type":"ImageObject","@id":"\/logo.png","url":"\/logo.png","width":600,"height":60}},"image":{"@type":"ImageObject","@id":"https:\/\/www.droan.cz\/wp-content\/uploads\/spolecnost2_2.jpg","url":"https:\/\/www.droan.cz\/wp-content\/uploads\/spolecnost2_2.jpg","height":0,"width":0},"keywords":null}]}