[{"@context":"https:\/\/schema.org\/","@type":"Article","@id":"https:\/\/www.droan.cz\/stehovani-z-cinzovniho-domu-bez-vytahu\/#Article","mainEntityOfPage":"https:\/\/www.droan.cz\/stehovani-z-cinzovniho-domu-bez-vytahu\/","headline":"St\u011bhov\u00e1n\u00ed z \u010din\u017eovn\u00edho domu bez v\u00fdtahu","name":"St\u011bhov\u00e1n\u00ed z \u010din\u017eovn\u00edho domu bez v\u00fdtahu","description":"Praha je jedno z nejkr\u00e1sn\u011bj\u0161\u00edch m\u011bsta sv\u011bta nejen sv\u00fdmi historick\u00fdmi pam\u00e1tkami, p\u0159\u00edrodn\u00edmi \u00fakazy a velmi \u010dlenit\u00fdm ter\u00e9nem, ale i typickou m\u011bstskou z\u00e1stavbou v m\u011bstsk\u00e9m j\u00e1dru. M\u00e1me t\u00edm na mysli \u010din\u017eovn\u00ed domy o \u010dty\u0159ech \u010di p\u011bti patrech bez v\u00fdtahu se siln\u00fdmi [&hellip;]","datePublished":"2023-11-19","dateModified":"2023-11-19","author":{"@type":"Person","@id":"https:\/\/www.droan.cz\/author\/#Person","name":"","url":"https:\/\/www.droan.cz\/author\/","identifier":1,"image":{"@type":"ImageObject","@id":"https:\/\/secure.gravatar.com\/avatar\/9514fe8d0d5bc6f8b5e285c47f6d71536ab35446ffb077fff11f6ca1fa8b00ce?s=96&d=mm&r=g","url":"https:\/\/secure.gravatar.com\/avatar\/9514fe8d0d5bc6f8b5e285c47f6d71536ab35446ffb077fff11f6ca1fa8b00ce?s=96&d=mm&r=g","height":96,"width":96}},"publisher":{"@type":"Organization","name":"droan.cz","logo":{"@type":"ImageObject","@id":"\/logo.png","url":"\/logo.png","width":600,"height":60}},"image":{"@type":"ImageObject","@id":"https:\/\/www.droan.cz\/wp-content\/uploads\/home-5574911_640_10_3.jpg","url":"https:\/\/www.droan.cz\/wp-content\/uploads\/home-5574911_640_10_3.jpg","height":0,"width":0},"url":"https:\/\/www.droan.cz\/stehovani-z-cinzovniho-domu-bez-vytahu\/","about":["Byznys"],"wordCount":470,"articleBody":"         Praha je jedno z nejkr\u00e1sn\u011bj\u0161\u00edch m\u011bsta sv\u011bta nejen sv\u00fdmi historick\u00fdmi pam\u00e1tkami, p\u0159\u00edrodn\u00edmi \u00fakazy a velmi \u010dlenit\u00fdm ter\u00e9nem, ale i typickou m\u011bstskou z\u00e1stavbou v m\u011bstsk\u00e9m j\u00e1dru. M\u00e1me t\u00edm na mysli \u010din\u017eovn\u00ed domy o \u010dty\u0159ech \u010di p\u011bti patrech bez v\u00fdtahu se siln\u00fdmi zdmi, kter\u00e9 bezpe\u010dn\u011b chr\u00e1n\u00ed jejich obyvatele p\u0159ed hlukem a letn\u00edm vedrem. Masivn\u00ed domovn\u00ed zdivo ocen\u00ed ka\u017ed\u00fd, kdo m\u00e1 r\u00e1d sv\u016fj klid, a kdo Prahu vn\u00edm\u00e1 za sv\u016fj domov, ale v \u017eivot\u011b nast\u00e1vaj\u00ed i situace, kdy se lid\u00e9 z Prahy st\u011bhuj\u00ed na venkov nap\u0159\u00edklad k nemocn\u00fdm rodi\u010d\u016fm do dvougenera\u010dn\u00edho domu nebo do rekrea\u010dn\u00ed oblasti s v\u00fdhledem na \u0159eku, kde cht\u011bj\u00ed tr\u00e1vit sv\u016fj \u201epodzim \u017eivota\u201c.Jestli\u017ee se st\u011bhov\u00e1n\u00ed z pra\u017esk\u00e9ho \u010din\u017e\u00e1ku t\u00fdk\u00e1 i v\u00e1s, a objedn\u00e1v\u00e1te si na tuto akci st\u011bhovac\u00ed firmu st\u011bhov\u00e1n\u00ed v Praze, na co si d\u00e1t pozor a na co nezapomenout?Parkov\u00e1n\u00ed \u2013 zajistit parkovac\u00ed m\u00edsto v Praze pro st\u011bhovac\u00ed v\u016fz je ve va\u0161\u00ed re\u017eii. Mus\u00edte kv\u016fli tomu zaj\u00edt na m\u011bstsk\u00fd magistr\u00e1t a po\u017e\u00e1dat o parkovac\u00ed v\u00fdjimku. \u017d\u00e1dost se mus\u00ed pod\u00e1vat minim\u00e1ln\u011b 30 dn\u016f p\u0159edem, co\u017e je lh\u016fta vy\u0159\u00edzen\u00ed ka\u017ed\u00e9 \u017e\u00e1dosti ze strany \u00fa\u0159edn\u00edk\u016f. Vhodn\u00e9 je v noci p\u0159ed st\u011bhovac\u00edm dnem nebo brzy r\u00e1no m\u00edsto zajistit i fyzicky, aby v\u00e1m tam n\u011bkdo nezaparkoval a nemuseli jste kv\u016fli tomu volat m\u011bstsk\u00e9 str\u00e1\u017en\u00edky.Velk\u00e1 b\u0159emena \u2013 jestli\u017ee se ve va\u0161em byt\u011b nach\u00e1z\u00ed v\u011bt\u0161\u00ed b\u0159emena, jako jsou klav\u00edry, velk\u00e9 televize, trezorov\u00e9 sk\u0159\u00edn\u011b \u010di staro\u017eitn\u00fd nerozeb\u00edrateln\u00fd n\u00e1bytek, informujte o tom st\u011bhov\u00e1ky tak\u00e9 v\u010das, nejl\u00e9pe na osobn\u00ed sch\u016fzce, aby se zav\u010dasu zjistilo, zda tyto p\u0159edm\u011bty projdou dve\u0159mi a vnit\u0159n\u00edm schodi\u0161t\u011bm, anebo bude nutn\u00e9 spou\u0161t\u011bt je z okna kladkostrojem.Po\u010das\u00ed a ro\u010dn\u00ed doba \u2013 m\u016f\u017eete-li si sami zvolit term\u00edn st\u011bhov\u00e1n\u00ed, optim\u00e1ln\u00ed to b\u00fdv\u00e1 na ja\u0159e nebo na podzim, kdy nejsou tropick\u00e1 vedra ani siln\u00e9 mrazy a sn\u011bhov\u00e1 kalamita. Pokud v\u00e1s v\u0161ak takov\u00e9 jevy zastihnou a mus\u00edte se vyst\u011bhovat t\u0159eba na za\u010d\u00e1tku srpna anebo v lednu, p\u0159izp\u016fsobte tomu v\u00e1\u0161 pracovn\u00ed re\u017eim balen\u00ed v\u011bc\u00ed a \u00faklidu. V zim\u011b se v\u00e1m jist\u011b bude hodit posypov\u00fd p\u00edsek na chodn\u00edk a v l\u00e9t\u011b zas dostatek tekutin \u010di alespo\u0148 mal\u00fd p\u0159enosn\u00fd ventil\u00e1tor.                                                                                                                                                                                                                                                                                                                                                                                          4.4\/5 - (12 votes)        "},{"@context":"https:\/\/schema.org\/","@type":"BreadcrumbList","itemListElement":[{"@type":"ListItem","position":1,"name":"St\u011bhov\u00e1n\u00ed z \u010din\u017eovn\u00edho domu bez v\u00fdtahu","item":"https:\/\/www.droan.cz\/stehovani-z-cinzovniho-domu-bez-vytahu\/#breadcrumbitem"}]}]